{"id":1940,"date":"2024-09-30T16:38:11","date_gmt":"2024-09-30T14:38:11","guid":{"rendered":"https:\/\/www.sdn26-07.org\/lesite\/?p=1940"},"modified":"2024-09-30T16:38:13","modified_gmt":"2024-09-30T14:38:13","slug":"week-end-antinucleaire-a-rouen-et-penly","status":"publish","type":"post","link":"http:\/\/www.sdn26-07.org\/lesite\/2024\/09\/30\/week-end-antinucleaire-a-rouen-et-penly\/","title":{"rendered":"Week-end antinucl\u00e9aire \u00e0 Rouen et Penly"},"content":{"rendered":"<p>Ce week-end contre le nucl\u00e9aire se tiendra du vendredi 11 au dimanche 13 octobre, en Normandie.<\/p>\n<p>Et toutes les infos sur le site web de la coordination antinucl\u00e9aire, <a href=\"https:\/\/coordantinucleaire.noblogs.org\/post\/2024\/08\/07\/manifestation-anti-nucleaire-a-rouen-le-12-octobre-le-nucleaire-cest-toujours-non\/\" target=\"_blank\" rel=\"noopener\">par ici !<\/a><\/p>\n<p><img loading=\"lazy\" decoding=\"async\" class=\"alignnone size-medium\" src=\"https:\/\/coordantinucleaire.noblogs.org\/files\/2024\/08\/AFFICHE_ROUEN_A3BP_page-0001-727x1024.jpg\" width=\"727\" height=\"1024\" \/><\/p>\n\n\n<figure class=\"wp-block-image size-large\"><img decoding=\"async\" src=\"https:\/\/coordantinucleaire.noblogs.org\/files\/2024\/08\/FLYER_ROUEN_A6BP_VERSO_page-0001.jpg\" alt=\"\"\/><\/figure>\n","protected":false},"excerpt":{"rendered":"<p>Ce week-end contre le nucl\u00e9aire se tiendra du vendredi 11 au dimanche 13 octobre, en Normandie. Et toutes les infos sur le site web de la coordination antinucl\u00e9aire, par ici !<\/p>\n","protected":false},"author":1,"featured_media":0,"comment_status":"closed","ping_status":"open","sticky":false,"template":"","format":"standard","meta":{"footnotes":""},"categories":[51],"tags":[35,73,113],"class_list":["post-1940","post","type-post","status-publish","format-standard","hentry","category-mobilisations","tag-epr","tag-manifestation","tag-penly"],"_links":{"self":[{"href":"http:\/\/www.sdn26-07.org\/lesite\/wp-json\/wp\/v2\/posts\/1940","targetHints":{"allow":["GET"]}}],"collection":[{"href":"http:\/\/www.sdn26-07.org\/lesite\/wp-json\/wp\/v2\/posts"}],"about":[{"href":"http:\/\/www.sdn26-07.org\/lesite\/wp-json\/wp\/v2\/types\/post"}],"author":[{"embeddable":true,"href":"http:\/\/www.sdn26-07.org\/lesite\/wp-json\/wp\/v2\/users\/1"}],"replies":[{"embeddable":true,"href":"http:\/\/www.sdn26-07.org\/lesite\/wp-json\/wp\/v2\/comments?post=1940"}],"version-history":[{"count":2,"href":"http:\/\/www.sdn26-07.org\/lesite\/wp-json\/wp\/v2\/posts\/1940\/revisions"}],"predecessor-version":[{"id":1942,"href":"http:\/\/www.sdn26-07.org\/lesite\/wp-json\/wp\/v2\/posts\/1940\/revisions\/1942"}],"wp:attachment":[{"href":"http:\/\/www.sdn26-07.org\/lesite\/wp-json\/wp\/v2\/media?parent=1940"}],"wp:term":[{"taxonomy":"category","embeddable":true,"href":"http:\/\/www.sdn26-07.org\/lesite\/wp-json\/wp\/v2\/categories?post=1940"},{"taxonomy":"post_tag","embeddable":true,"href":"http:\/\/www.sdn26-07.org\/lesite\/wp-json\/wp\/v2\/tags?post=1940"}],"curies":[{"name":"wp","href":"https:\/\/api.w.org\/{rel}","templated":true}]}}